[{"command":"settings","settings":{"pluralDelimiter":"\u0003","suppressDeprecationErrors":true,"ajaxPageState":{"libraries":"eJxLqcxLzM1Mjk_NK8ksqYzPySwu0S_OyC-Pz80vSgUAtBcL_w","theme":"cjd","theme_token":null},"ajaxTrustedUrl":[],"csp":{"nonce":"Fq2pRfcu3MecC5qfAPMwlA"},"user":{"uid":0,"permissionsHash":"c1125b369a7e15b13772875c04cea41b0b84fabb44b759d8275303f5723b9ee7"}},"merge":true},{"command":"add_css","data":[{"rel":"stylesheet","media":"all","href":"\/sites\/default\/files\/css\/css_KLr2cejCds13yXbN6XzQjMRzmef65rerdAzUrRFWqn8.css?delta=0\u0026language=de\u0026theme=cjd\u0026include=eJxLzi9K1U8pKi1IzNFLzEqsAAA0wAYz"},{"rel":"stylesheet","media":"all","href":"\/sites\/default\/files\/css\/css_b1LJgX55_PliihHpD7ahvFnlUq8xUspelw3mtrlm3xw.css?delta=1\u0026language=de\u0026theme=cjd\u0026include=eJxLzi9K1U8pKi1IzNFLzEqsAAA0wAYz"}]},{"command":"add_js","selector":"body","data":[{"src":"\/core\/assets\/vendor\/jquery\/jquery.min.js?v=4.0.0"},{"src":"\/sites\/default\/files\/js\/js_C7ImIHujF8oAdQn3tYZ7OWQxkGPDZHWu2ue3AARt0DM.js?scope=footer\u0026delta=1\u0026language=de\u0026theme=cjd\u0026include=eJxLqcxLzM1Mjk_NK8ksqYzPySwu0S_OyC-Pz80vSgUAtBcL_w"}]},{"command":"showMoreTeasers","id":"del--paragraph-43228","content":"\n\n\n\u003Carticle  class=\u0022node node--type--article node--view-mode--teaser\u0022\u003E\n  \u003Ca href=\u0022https:\/\/berufsfachschule.cjd.de\/de\/latest-news\/gesunde-ernaehrung-im-fokus-praeventionsworkshop-der-cjd-berufsfachschule-fuer\u0022 aria-labelledby=\u0022teaser-7844-title\u0022\u003E\n\n        \u003Cdiv class=\u0022teaser-image\u0022\u003E\n        \u003Cfigure class=\u0022article--teaser-image\u0022\u003E\n        \u003Cpicture\u003E\n                \u003C!--[if IE 9]\u003E\n      \u003Cvideo style=\u0022display: none;\u0022\u003E\u003C![endif]--\u003E\n              \u003Csource srcset=\u0022\/sites\/default\/files\/styles\/img_md_4_3_bp_md\/public\/2026-04\/46945_458d0c30-f6ae-4c6e-ab37-31c4081d9cd2.jpg.webp?h=8f51faaa\u0026amp;itok=bQXfmYjF 1x\u0022 media=\u0022all and (min-width: 768px) and (max-width: 959px)\u0022 type=\u0022image\/webp\u0022 width=\u0022440\u0022 height=\u0022330\u0022\/\u003E\n              \u003Csource srcset=\u0022\/sites\/default\/files\/styles\/img_md_4_3_bp_lg\/public\/2026-04\/46945_458d0c30-f6ae-4c6e-ab37-31c4081d9cd2.jpg.webp?h=8f51faaa\u0026amp;itok=--TzJHAN 1x\u0022 media=\u0022all and (min-width: 960px) and (max-width: 1439px)\u0022 type=\u0022image\/webp\u0022 width=\u0022656\u0022 height=\u0022492\u0022\/\u003E\n              \u003Csource srcset=\u0022\/sites\/default\/files\/styles\/img_md_4_3_bp_xl\/public\/2026-04\/46945_458d0c30-f6ae-4c6e-ab37-31c4081d9cd2.jpg.webp?h=8f51faaa\u0026amp;itok=KrsQsIoY 1x\u0022 media=\u0022all and (min-width: 1440px)\u0022 type=\u0022image\/webp\u0022 width=\u0022840\u0022 height=\u0022630\u0022\/\u003E\n            \u003C!--[if IE 9]\u003E\u003C\/video\u003E\u003C![endif]--\u003E\n            \u003Cimg loading=\u0022lazy\u0022 width=\u0022352\u0022 height=\u0022264\u0022 src=\u0022\/sites\/default\/files\/styles\/img_md_4_3_bp_default\/public\/2026-04\/46945_458d0c30-f6ae-4c6e-ab37-31c4081d9cd2.jpg.jpg?h=8f51faaa\u0026amp;itok=uQMKeUdx\u0022 \/\u003E\n\n  \u003C\/picture\u003E\n\n\n      \u003C\/figure\u003E\n\n    \u003C\/div\u003E\n\n    \u003Cdiv class=\u0022teaser-content\u0022\u003E\n      \u003Cdiv class=\u0022article-teaser-text\u0022\u003E\n                \n                                        \u003Cdiv id=\u0022teaser-7844-title\u0022\n                 class=\u0022article-headline\u0022\n                 role=\u0022heading\u0022\n                 aria-level=\u00223\u0022\u003E\n              Gesunde Ern\u00e4hrung im Fokus: Pr\u00e4ventionsworkshop an der CJD Berufsfachschule f\u00fcr Kinderpflege\n            \u003C\/div\u003E\n          \n                      \u003Cdiv class=\u0022article-abstract\u0022\u003E\n              \n\n  \u003Cdiv class=\u0022article--teaser-body\u0022\u003E  \u003Cp\u003E---\u003C\/p\u003E\n\n\n\u003C\/div\u003E\n\n            \u003C\/div\u003E\n                        \u003C\/div\u003E\n      \u003Cdiv class=\u0022btn btn-primary\u0022\u003E\n        Mehr anzeigen\n      \u003C\/div\u003E\n\n    \u003C\/div\u003E   \u003C\/a\u003E\n\u003C\/article\u003E\n\n\n\n\u003Carticle  class=\u0022node node--type--article node--view-mode--teaser\u0022\u003E\n  \u003Ca href=\u0022https:\/\/berufsfachschule.cjd.de\/de\/latest-news\/theaterbesuch-echtzeitalter-im-schauspielhaus-salzburg\u0022 aria-labelledby=\u0022teaser-7364-title\u0022\u003E\n\n        \u003Cdiv class=\u0022teaser-image\u0022\u003E\n        \u003Cfigure class=\u0022article--teaser-image\u0022\u003E\n        \u003Cpicture\u003E\n                \u003C!--[if IE 9]\u003E\n      \u003Cvideo style=\u0022display: none;\u0022\u003E\u003C![endif]--\u003E\n              \u003Csource srcset=\u0022\/sites\/default\/files\/styles\/img_md_4_3_bp_md\/public\/2026-03\/45762_1000230816.jpg.webp?h=8f51faaa\u0026amp;itok=z6eDXQF8 1x\u0022 media=\u0022all and (min-width: 768px) and (max-width: 959px)\u0022 type=\u0022image\/webp\u0022 width=\u0022440\u0022 height=\u0022330\u0022\/\u003E\n              \u003Csource srcset=\u0022\/sites\/default\/files\/styles\/img_md_4_3_bp_lg\/public\/2026-03\/45762_1000230816.jpg.webp?h=8f51faaa\u0026amp;itok=sE8Giudm 1x\u0022 media=\u0022all and (min-width: 960px) and (max-width: 1439px)\u0022 type=\u0022image\/webp\u0022 width=\u0022656\u0022 height=\u0022492\u0022\/\u003E\n              \u003Csource srcset=\u0022\/sites\/default\/files\/styles\/img_md_4_3_bp_xl\/public\/2026-03\/45762_1000230816.jpg.webp?h=8f51faaa\u0026amp;itok=CZL2GUu3 1x\u0022 media=\u0022all and (min-width: 1440px)\u0022 type=\u0022image\/webp\u0022 width=\u0022840\u0022 height=\u0022630\u0022\/\u003E\n            \u003C!--[if IE 9]\u003E\u003C\/video\u003E\u003C![endif]--\u003E\n            \u003Cimg loading=\u0022lazy\u0022 width=\u0022352\u0022 height=\u0022264\u0022 src=\u0022\/sites\/default\/files\/styles\/img_md_4_3_bp_default\/public\/2026-03\/45762_1000230816.jpg.jpg?h=8f51faaa\u0026amp;itok=NcWFgOlR\u0022 \/\u003E\n\n  \u003C\/picture\u003E\n\n\n      \u003C\/figure\u003E\n\n    \u003C\/div\u003E\n\n    \u003Cdiv class=\u0022teaser-content\u0022\u003E\n      \u003Cdiv class=\u0022article-teaser-text\u0022\u003E\n                \n                                        \u003Cdiv id=\u0022teaser-7364-title\u0022\n                 class=\u0022article-headline\u0022\n                 role=\u0022heading\u0022\n                 aria-level=\u00223\u0022\u003E\n              Theaterbesuch: Echtzeitalter im Schauspielhaus Salzburg\n            \u003C\/div\u003E\n          \n                      \u003Cdiv class=\u0022article-abstract\u0022\u003E\n              \n\n  \u003Cdiv class=\u0022article--teaser-body\u0022\u003E  \u003Cp\u003E---\u003C\/p\u003E\n\n\n\u003C\/div\u003E\n\n            \u003C\/div\u003E\n                        \u003C\/div\u003E\n      \u003Cdiv class=\u0022btn btn-primary\u0022\u003E\n        Mehr anzeigen\n      \u003C\/div\u003E\n\n    \u003C\/div\u003E   \u003C\/a\u003E\n\u003C\/article\u003E\n\n\n\n\u003Carticle  class=\u0022node node--type--article node--view-mode--teaser\u0022\u003E\n  \u003Ca href=\u0022https:\/\/berufsfachschule.cjd.de\/de\/aktuelles-aus-dem-cjd\/olympia-2026-mailand-cortina-ergebnisse\u0022 aria-labelledby=\u0022teaser-7018-title\u0022\u003E\n\n        \u003Cdiv class=\u0022teaser-image\u0022\u003E\n        \u003Cfigure class=\u0022article--teaser-image\u0022\u003E\n        \u003Cpicture\u003E\n                \u003C!--[if IE 9]\u003E\n      \u003Cvideo style=\u0022display: none;\u0022\u003E\u003C![endif]--\u003E\n              \u003Csource srcset=\u0022\/sites\/default\/files\/styles\/img_md_4_3_bp_md\/public\/2026-01\/45037_cjd_website_4_3.png.webp?h=ddb1ad0c\u0026amp;itok=ADhs5EW4 1x\u0022 media=\u0022all and (min-width: 768px) and (max-width: 959px)\u0022 type=\u0022image\/webp\u0022 width=\u0022440\u0022 height=\u0022330\u0022\/\u003E\n              \u003Csource srcset=\u0022\/sites\/default\/files\/styles\/img_md_4_3_bp_lg\/public\/2026-01\/45037_cjd_website_4_3.png.webp?h=ddb1ad0c\u0026amp;itok=PtiDOX7Z 1x\u0022 media=\u0022all and (min-width: 960px) and (max-width: 1439px)\u0022 type=\u0022image\/webp\u0022 width=\u0022656\u0022 height=\u0022492\u0022\/\u003E\n              \u003Csource srcset=\u0022\/sites\/default\/files\/styles\/img_md_4_3_bp_xl\/public\/2026-01\/45037_cjd_website_4_3.png.webp?h=ddb1ad0c\u0026amp;itok=HzJ4pfiu 1x\u0022 media=\u0022all and (min-width: 1440px)\u0022 type=\u0022image\/webp\u0022 width=\u0022840\u0022 height=\u0022630\u0022\/\u003E\n            \u003C!--[if IE 9]\u003E\u003C\/video\u003E\u003C![endif]--\u003E\n            \u003Cimg loading=\u0022lazy\u0022 width=\u0022352\u0022 height=\u0022264\u0022 src=\u0022\/sites\/default\/files\/styles\/img_md_4_3_bp_default\/public\/2026-01\/45037_cjd_website_4_3.png.jpg?h=ddb1ad0c\u0026amp;itok=_Zop7-cs\u0022 \/\u003E\n\n  \u003C\/picture\u003E\n\n\n      \u003C\/figure\u003E\n\n    \u003C\/div\u003E\n\n    \u003Cdiv class=\u0022teaser-content\u0022\u003E\n      \u003Cdiv class=\u0022article-teaser-text\u0022\u003E\n                \n                                        \u003Cdiv id=\u0022teaser-7018-title\u0022\n                 class=\u0022article-headline\u0022\n                 role=\u0022heading\u0022\n                 aria-level=\u00223\u0022\u003E\n              Aktuell: Olympia 2026 Mailand \u0026amp; Cortina - die Ergebnisse\n            \u003C\/div\u003E\n          \n                      \u003Cdiv class=\u0022article-abstract\u0022\u003E\n              \n\n  \u003Cdiv class=\u0022article--teaser-body\u0022\u003E  \u003Cp\u003EAlle Ergebnisse unserer aktuellen und ehemaligen Sch\u00fclerinnen und Sch\u00fcler bei den olympischen ...\u003C\/p\u003E\n\n\n\u003C\/div\u003E\n\n            \u003C\/div\u003E\n                        \u003C\/div\u003E\n      \u003Cdiv class=\u0022btn btn-primary\u0022\u003E\n        Mehr anzeigen\n      \u003C\/div\u003E\n\n    \u003C\/div\u003E   \u003C\/a\u003E\n\u003C\/article\u003E\n","entity_type":"node","used_ids":["",7844,7364,7018],"show_more":"\u003Cdiv class=\u0022del-show-more\u0022\u003E\u003Ca href=\u0022\/de\/ajax\/del\/3fcd04b4-3700-4823-a643-00a43a9f4979\/paragraph\/4\/3\/asc\/eyJub2RlIjp7ImlkIjoiMjkyOCIsInR5cGUiOiJwYWdlIn19\u0022 title=\u0022Mehr elemente anzeigen\u0022 class=\u0022del-show-more-link use-ajax\u0022 rel=\u0022nofollow\u0022 data-target-type=\u0022node\u0022 aria-controls=\u0022del--paragraph-43228--content\u0022 aria-label=\u0022Mehr elemente anzeigen\u0022\u003EMehr anzeigen\u003C\/a\u003E\u003C\/div\u003E\n"}]